{"id":21299,"date":"2021-08-24T10:03:58","date_gmt":"2021-08-24T10:03:58","guid":{"rendered":"https:\/\/eurotransis.com\/fiestas-locales-de-cabra-virgen-de-la-sierra\/"},"modified":"2025-02-10T14:05:49","modified_gmt":"2025-02-10T13:05:49","slug":"fiestas-locales-de-cabra-virgen-de-la-sierra","status":"publish","type":"post","link":"https:\/\/eurotransis.com\/fr\/fiestas-locales-de-cabra-virgen-de-la-sierra\/","title":{"rendered":"Fiestas de Mar\u00eda Sant\u00edsima de la Sierra &#8211; Cabra"},"content":{"rendered":"<p><strong>Eurotransis<\/strong>, leader international dans le <strong>secteur m\u00e9tallurgique des convoyeurs et des syst\u00e8mes<\/strong>, est un moteur \u00e9conomique cl\u00e9 de la ville de <strong>Cabra, situ\u00e9e au c\u0153ur g\u00e9ographique de l&rsquo;Andalousie.<\/strong> Notre entreprise fait partie int\u00e9grante du <strong>tissu \u00e9conomique de Cabra<\/strong> et participe activement, avec une grande <strong>fiert\u00e9<\/strong>, \u00e0 la <strong>promotion<\/strong> de son<strong> patrimoine culturel<\/strong>, de ses f<strong>\u00eates populaires<\/strong> ainsi que de son magnifique <strong>environnement naturel<\/strong>, le <strong>parc naturel des Sierras Subb\u00e9ticas<\/strong>, d\u00e9sign\u00e9 <strong>Geoparc Mondial par l&rsquo;UNESCO.<\/strong><\/p>\n<p><img loading=\"lazy\" decoding=\"async\" class=\"aligncenter  wp-image-10264\" src=\"https:\/\/eurotransis.com\/wp-content\/uploads\/2021\/08\/mapa-eurotransis.jpg\" alt=\"\" width=\"740\" height=\"427\" \/><\/p>\n<p style=\"text-align: justify\">Le mois de <strong>septembre<\/strong> est particuli\u00e8rement important pour les habitants de Cabra en raison de leur <strong>Feria de Septiembre<\/strong>. Entre le 3 et le 8 septembre, se d\u00e9roule la <strong>Feria de la Virgen de la Sierra<\/strong>, la grande foire de Cabra, d\u00e9clar\u00e9e<strong> F\u00eate d&rsquo;Int\u00e9r\u00eat Touristique National en 1972<\/strong>. Elle commence le 3 septembre par le <strong>discours d&rsquo;ouverture<\/strong> et la proclamation de la <strong>Reine des F\u00eates<\/strong> et des <strong>Dames d&rsquo;Honneur.<\/strong> Parmi les moments les plus marquants, on peut souligner le 4 septembre, avec la <strong>descente de la Vierge de son ermitage, le Sanctuaire de Notre-Dame de la Sierra,<\/strong> situ\u00e9 sur le Picacho de la Sierra de Cabra, un lieu de grande valeur arch\u00e9ologique et paysag\u00e8re, ainsi que la <strong>procession solennelle du 8<\/strong> septembre. Pendant ces jours, on peut aussi assister \u00e0 la color\u00e9e<strong> Bataille des Fleurs<\/strong>, le 5 septembre, et profiter de l&rsquo;animation du <strong>Real de la Feria.<\/strong><\/p>\n<p>La ville de <strong>Cabra<\/strong> poss\u00e8de \u00e9galement un remarquable <strong>patrimoine architectural<\/strong>, avec des <strong>quartiers historiques<\/strong> d&rsquo;une importance particuli\u00e8re, tels que le <strong>Barrio de la Villa<\/strong> et le <strong>Barrio del Cerro<\/strong>, qui peuvent \u00eatre visit\u00e9s et appr\u00e9ci\u00e9s \u00e0 tout moment de l&rsquo;ann\u00e9e. Se promener dans le centre historique permet d&rsquo;admirer des monuments architecturaux uniques. Nous soulignons <strong>l&rsquo;\u00c9glise de Notre-Dame de l&rsquo;Assomption et des Anges<\/strong> (XIIIe si\u00e8cle), situ\u00e9e au centre de l&rsquo;ancien village et construite sur une ancienne mosqu\u00e9e musulmane, ainsi que <strong>l&rsquo;\u00c9glise de Saint-Jean-Baptiste<\/strong> (XVIe si\u00e8cle), attenante au couvent autrefois dirig\u00e9 par les <strong>Fr\u00e8res de Saint-Jean-de-Dieu.<\/strong><\/p>\n<p>La <strong>nature<\/strong> fait partie int\u00e9grante de la ville de <strong>Cabra<\/strong>, comme en t\u00e9moigne la pr\u00e9sence du <strong>site naturel de Fuente del R\u00edo,<\/strong> la source o\u00f9 na\u00eet le fleuve Cabra, et qui alimentait la ville en eau par un aqueduc \u00e0 l&rsquo;\u00e9poque romaine. Depuis <strong>Fuente del R\u00edo<\/strong>, un sentier m\u00e8ne \u00e0 la <strong>V\u00eda Verde de la Subb\u00e9tica<\/strong>. Ce lieu se distingue par la combinaison du <strong>paysage karstique<\/strong> et de l&rsquo;<strong>ornementation des jardins<\/strong> cr\u00e9\u00e9s autour de lui.<\/p>\n<p>Comme mentionn\u00e9 plus t\u00f4t, la <strong>Sierra de Cabra<\/strong> poss\u00e8de une <strong>grande valeur g\u00e9ologique<\/strong>, appr\u00e9ci\u00e9e \u00e0 la fois par les <strong>randonneurs<\/strong> exp\u00e9riment\u00e9s et par les visiteurs souhaitant profiter de la <strong>nature<\/strong>. La r\u00e9gion propose de nombreuses <strong>maisons rurales<\/strong> o\u00f9 l&rsquo;on peut passer quelques jours \u00e0 appr\u00e9cier les magnifiques environs, le village et l&rsquo;hospitalit\u00e9 de ses habitants.<\/p>\n<p>Notre entreprise, <strong>Eurotransis<\/strong>, fait partie int\u00e9grante de <strong>Cabra<\/strong>, et Cabra fait partie essentielle de notre entreprise ; ses habitants, son <strong>environnement naturel, ses f\u00eates et ses traditions<\/strong>, ainsi que son mode de vie enrichissent et \u00e9l\u00e8vent notre projet d&rsquo;entreprise.<\/p>\n","protected":false},"excerpt":{"rendered":"<p>Eurotransis, leader international dans le secteur m\u00e9tallurgique des convoyeurs et des syst\u00e8mes, est un moteur \u00e9conomique cl\u00e9 de la ville de Cabra, situ\u00e9e au c\u0153ur g\u00e9ographique de l&rsquo;Andalousie. Notre entreprise fait partie int\u00e9grante du tissu \u00e9conomique de Cabra et participe activement, avec une grande fiert\u00e9, \u00e0 la promotion de son patrimoine culturel, de ses f\u00eates &hellip; <a href=\"https:\/\/eurotransis.com\/fr\/fiestas-locales-de-cabra-virgen-de-la-sierra\/\">Voir plus<\/a><\/p>\n","protected":false},"author":1,"featured_media":17318,"comment_status":"closed","ping_status":"open","sticky":false,"template":"","format":"standard","meta":{"footnotes":""},"categories":[258],"tags":[],"class_list":["post-21299","post","type-post","status-publish","format-standard","has-post-thumbnail","hentry","category-blog-categoria-fr"],"_links":{"self":[{"href":"https:\/\/eurotransis.com\/fr\/wp-json\/wp\/v2\/posts\/21299","targetHints":{"allow":["GET"]}}],"collection":[{"href":"https:\/\/eurotransis.com\/fr\/wp-json\/wp\/v2\/posts"}],"about":[{"href":"https:\/\/eurotransis.com\/fr\/wp-json\/wp\/v2\/types\/post"}],"author":[{"embeddable":true,"href":"https:\/\/eurotransis.com\/fr\/wp-json\/wp\/v2\/users\/1"}],"replies":[{"embeddable":true,"href":"https:\/\/eurotransis.com\/fr\/wp-json\/wp\/v2\/comments?post=21299"}],"version-history":[{"count":1,"href":"https:\/\/eurotransis.com\/fr\/wp-json\/wp\/v2\/posts\/21299\/revisions"}],"predecessor-version":[{"id":21304,"href":"https:\/\/eurotransis.com\/fr\/wp-json\/wp\/v2\/posts\/21299\/revisions\/21304"}],"wp:featuredmedia":[{"embeddable":true,"href":"https:\/\/eurotransis.com\/fr\/wp-json\/wp\/v2\/media\/17318"}],"wp:attachment":[{"href":"https:\/\/eurotransis.com\/fr\/wp-json\/wp\/v2\/media?parent=21299"}],"wp:term":[{"taxonomy":"category","embeddable":true,"href":"https:\/\/eurotransis.com\/fr\/wp-json\/wp\/v2\/categories?post=21299"},{"taxonomy":"post_tag","embeddable":true,"href":"https:\/\/eurotransis.com\/fr\/wp-json\/wp\/v2\/tags?post=21299"}],"curies":[{"name":"wp","href":"https:\/\/api.w.org\/{rel}","templated":true}]}}